{"id":799,"date":"2014-02-11T07:46:01","date_gmt":"2014-02-11T12:46:01","guid":{"rendered":"http:\/\/moked.it\/paginebraiche\/?p=799"},"modified":"2014-02-11T07:46:01","modified_gmt":"2014-02-11T12:46:01","slug":"israele-fare-il-punto-e-un-obbligo","status":"publish","type":"post","link":"https:\/\/moked.it\/paginebraiche\/2014\/02\/11\/israele-fare-il-punto-e-un-obbligo\/","title":{"rendered":"Israele \u2013 Fare il punto? \u00c8 un obbligo"},"content":{"rendered":"<p><a href=\"http:\/\/moked.it\/paginebraiche\/files\/2014\/02\/obama-netanyahu.jpg\"><img loading=\"lazy\" decoding=\"async\" src=\"http:\/\/moked.it\/paginebraiche\/files\/2014\/02\/obama-netanyahu-1024x682.jpg\" alt=\"obama netanyahu\" width=\"1024\" height=\"682\" class=\"alignright size-large wp-image-800\" srcset=\"https:\/\/moked.it\/paginebraiche\/files\/2014\/02\/obama-netanyahu-1024x682.jpg 1024w, https:\/\/moked.it\/paginebraiche\/files\/2014\/02\/obama-netanyahu-300x200.jpg 300w, https:\/\/moked.it\/paginebraiche\/files\/2014\/02\/obama-netanyahu.jpg 1200w\" sizes=\"auto, (max-width: 1024px) 100vw, 1024px\" \/><\/a>Sono passati pochi giorni da quando il presidente Barack Obama ha rivolto agli Stati Uniti il suo sesto \u201cState of the Union\u201d, il discorso che rappresenta uno dei momenti di vertice del rapporto fra il Commander in Chief e il suo paese. E mentre il primo ministro israeliano si prepara a incontrare Obama a Washington la prima settimana di marzo, nello Stato ebraico qualcuno lancia l\u2019idea di introdurre qualcosa di simile. I parlamentari Hilik Bar (Labor) e Orly Levy-Abekasis (Likud-Beytenu) hanno infatti presentato una proposta di legge per adottare anche in Israele l\u2019obbligo di fare annualmente il punto sullo \u201cState of the Nation\u201d, allo scopo di \u201crafforzare il cruciale rapporto con l\u2019opinione pubblica, e la sua fiducia\u201d si legge nelle note introduttive. Un impegno che non coinvolgerebbe in questo caso il presidente (che a differenza di quanto accade negli USA mantiene un ruolo di rappresentanza), ma ben sei figure di vertice nella vita del paese: il premier, lo speaker della Knesset, il capo dell\u2019opposizione, il presidente della Corte Suprema, il Capo di Stato maggiore dell\u2019esercito, e il responsabile delle forse di polizia. Assicurando in questo modo che ciascuno di loro, almeno una volta all\u2019anno, sia chiamato a rendere conto del proprio operato e della situazione della societ\u00e0 israeliana davanti al pubblico (che si immagina composto da ragazzi all\u2019ultimo anno di scuola superiore).<br \/>\nAttualmente, le occasioni in cui i sei raccontano al paese ci\u00f2 che stanno portando avanti sono rare, come ha notato la stampa israeliana riportando la notizia (il Times of Israel tra l\u2019altro ricorda come sia trascorso pi\u00f9 di un anno da quando Netanyahu ha concesso l\u2019ultima intervista a un media in lingua ebraica).<br \/>\nLo scorso 28 gennaio, Obama ha fatto il punto sull\u2019implementazione della riforma sanitaria, ha parlato di immigrazione, di sicurezza nazionale, lotta al terrorismo, questione iraniana, di educazione e posti di lavoro.<br \/>\nSe Netanyahu si trovasse oggi a rivolgere agli israeliani lo \u201cStato della Nazione\u201d, quali potrebbero essere i temi in agenda in un momento in cui sono tante le sollecitazioni che coinvolgono il paese, sia sul fronte interno, che nei rapporti internazionali? Probabilmente anche il premier affronterebbe la questione della sicurezza e del dossier del nucleare iraniano. In questa prospettiva, imprescindibili sarebbero poi i negoziati di pace con i palestinesi condotti dal Segretario di Stato americano John Kerry, cos\u00ec come il lancio di razzi da Gaza, che nel gennaio 2014 si \u00e8 drammaticamente intensificato (rapporti governativi parlano di numeri tre volte pi\u00f9 alti che in un mese medio del 2013). Fra i rapporti che sembrano aver preso invece una svolta positiva in questo ultimo periodo invece, quelli tra Israele e Turchia, con il ministro degli Esteri Ahmet Davuto\u011flu che proprio ieri ha rilasciato dichiarazioni distensive.<br \/>\nTanti i fronti caldi anche nella politica interna. A riaccendere gli animi nelle ultime settimane \u00e8 stata la questione dell\u2019arruolamento dei giovani haredim, anche nel quadro di una riorganizzazione del servizio di leva (sul tavolo pure la proposta di diminuire il periodo da 36 a 32 mesi per gli uomini, mentre l\u2019esercito vorrebbe aumentare da 24 a 28 quello delle donne). L\u2019economia israeliana invece mantiene un buon andamento, anche se un segnale preoccupante per molti analisti rimane l\u2019aumento di episodi legati al boicottaggio economico, in particolare nell\u2019ambito dei rapporti con paesi appartenenti all\u2019Unione Europea (se in teoria il boicottaggio dovrebbe riguardare solo attivit\u00e0 sui territori oltre i confini del \u201867, nella pratica \u00e8 molto difficile tracciare una separazione in un sistema fortemente integrato).<br \/>\nIn attesa di vedere se l\u2019introduzione dello \u201cStato della Nazione\u201d diventer\u00e0 legge, un quadro della situazione di Israele nei rapporti internazionali, Netanyahu lo offrir\u00e0 senz\u2019altro nel suo intervento alla conferenza annuale dell\u2019American Israel Public Affairs Committee, che si terr\u00e0 nella capitale statunitense dal 2 al 4 marzo. Cio\u00e8 gli stessi giorni in cui il premier incontrer\u00e0 Obama. C\u2019\u00e8 da scommettere che anche tra loro questi temi non sfuggiranno alla conversazione.<\/p>\n<p><strong>Rossella Tercatin<\/strong> twitter @rtercatinmoked<\/p>\n","protected":false},"excerpt":{"rendered":"<p>Sono passati pochi giorni da quando il presidente Barack Obama ha rivolto agli Stati Uniti il suo sesto \u201cState of the Union\u201d, il discorso che rappresenta uno dei momenti di vertice del rapporto fra il Commander in Chief e il suo paese. E mentre il primo ministro israeliano si prepara a incontrare Obama a Washington&hellip; <a class=\"more\" rel=\"bookmark\" href=\"https:\/\/moked.it\/paginebraiche\/2014\/02\/11\/israele-fare-il-punto-e-un-obbligo\/\">leggi&nbsp;<i class=\"fa fa-chevron-circle-right\"><\/i><\/a><\/p>\n","protected":false},"author":1,"featured_media":0,"menu_order":0,"comment_status":"closed","ping_status":"open","sticky":false,"template":"","format":"standard","meta":{"footnotes":""},"categories":[1],"tags":[],"position":[],"class_list":["post-799","post","type-post","status-publish","format-standard","hentry","category-uncategorized"],"yoast_head":"<!-- This site is optimized with the Yoast SEO plugin v26.0 - https:\/\/yoast.com\/wordpress\/plugins\/seo\/ -->\n<title>Israele \u2013 Fare il punto? \u00c8 un obbligo - Pagine Ebraiche<\/title>\n<meta name=\"robots\" content=\"index, follow, max-snippet:-1, max-image-preview:large, max-video-preview:-1\" \/>\n<link rel=\"canonical\" href=\"https:\/\/moked.it\/paginebraiche\/2014\/02\/11\/israele-fare-il-punto-e-un-obbligo\/\" \/>\n<meta property=\"og:locale\" content=\"it_IT\" \/>\n<meta property=\"og:type\" content=\"article\" \/>\n<meta property=\"og:title\" content=\"Israele \u2013 Fare il punto? \u00c8 un obbligo - Pagine Ebraiche\" \/>\n<meta property=\"og:description\" content=\"Sono passati pochi giorni da quando il presidente Barack Obama ha rivolto agli Stati Uniti il suo sesto \u201cState of the Union\u201d, il discorso che rappresenta uno dei momenti di vertice del rapporto fra il Commander in Chief e il suo paese. E mentre il primo ministro israeliano si prepara a incontrare Obama a Washington&hellip; leggi&nbsp;\" \/>\n<meta property=\"og:url\" content=\"https:\/\/moked.it\/paginebraiche\/2014\/02\/11\/israele-fare-il-punto-e-un-obbligo\/\" \/>\n<meta property=\"og:site_name\" content=\"Pagine Ebraiche\" \/>\n<meta property=\"article:published_time\" content=\"2014-02-11T12:46:01+00:00\" \/>\n<meta property=\"og:image\" content=\"http:\/\/moked.it\/paginebraiche\/files\/2014\/02\/obama-netanyahu-1024x682.jpg\" \/>\n<meta name=\"author\" content=\"admin\" \/>\n<meta name=\"twitter:card\" content=\"summary_large_image\" \/>\n<meta name=\"twitter:label1\" content=\"Scritto da\" \/>\n\t<meta name=\"twitter:data1\" content=\"admin\" \/>\n\t<meta name=\"twitter:label2\" content=\"Tempo di lettura stimato\" \/>\n\t<meta name=\"twitter:data2\" content=\"3 minuti\" \/>\n<script type=\"application\/ld+json\" class=\"yoast-schema-graph\">{\"@context\":\"https:\/\/schema.org\",\"@graph\":[{\"@type\":\"WebPage\",\"@id\":\"https:\/\/moked.it\/paginebraiche\/2014\/02\/11\/israele-fare-il-punto-e-un-obbligo\/\",\"url\":\"https:\/\/moked.it\/paginebraiche\/2014\/02\/11\/israele-fare-il-punto-e-un-obbligo\/\",\"name\":\"Israele \u2013 Fare il punto? \u00c8 un obbligo - Pagine Ebraiche\",\"isPartOf\":{\"@id\":\"https:\/\/moked.it\/paginebraiche\/#website\"},\"primaryImageOfPage\":{\"@id\":\"https:\/\/moked.it\/paginebraiche\/2014\/02\/11\/israele-fare-il-punto-e-un-obbligo\/#primaryimage\"},\"image\":{\"@id\":\"https:\/\/moked.it\/paginebraiche\/2014\/02\/11\/israele-fare-il-punto-e-un-obbligo\/#primaryimage\"},\"thumbnailUrl\":\"http:\/\/moked.it\/paginebraiche\/files\/2014\/02\/obama-netanyahu-1024x682.jpg\",\"datePublished\":\"2014-02-11T12:46:01+00:00\",\"author\":{\"@id\":\"https:\/\/moked.it\/paginebraiche\/#\/schema\/person\/723f5746de4ea0e08fab5790d734e554\"},\"breadcrumb\":{\"@id\":\"https:\/\/moked.it\/paginebraiche\/2014\/02\/11\/israele-fare-il-punto-e-un-obbligo\/#breadcrumb\"},\"inLanguage\":\"it-IT\",\"potentialAction\":[{\"@type\":\"ReadAction\",\"target\":[\"https:\/\/moked.it\/paginebraiche\/2014\/02\/11\/israele-fare-il-punto-e-un-obbligo\/\"]}]},{\"@type\":\"ImageObject\",\"inLanguage\":\"it-IT\",\"@id\":\"https:\/\/moked.it\/paginebraiche\/2014\/02\/11\/israele-fare-il-punto-e-un-obbligo\/#primaryimage\",\"url\":\"https:\/\/moked.it\/paginebraiche\/files\/2014\/02\/obama-netanyahu.jpg\",\"contentUrl\":\"https:\/\/moked.it\/paginebraiche\/files\/2014\/02\/obama-netanyahu.jpg\",\"width\":1200,\"height\":800},{\"@type\":\"BreadcrumbList\",\"@id\":\"https:\/\/moked.it\/paginebraiche\/2014\/02\/11\/israele-fare-il-punto-e-un-obbligo\/#breadcrumb\",\"itemListElement\":[{\"@type\":\"ListItem\",\"position\":1,\"name\":\"Home\",\"item\":\"https:\/\/moked.it\/paginebraiche\/\"},{\"@type\":\"ListItem\",\"position\":2,\"name\":\"Israele \u2013 Fare il punto? \u00c8 un obbligo\"}]},{\"@type\":\"WebSite\",\"@id\":\"https:\/\/moked.it\/paginebraiche\/#website\",\"url\":\"https:\/\/moked.it\/paginebraiche\/\",\"name\":\"Pagine Ebraiche\",\"description\":\"Il giornale dell&#039;ebraismo italiano\",\"potentialAction\":[{\"@type\":\"SearchAction\",\"target\":{\"@type\":\"EntryPoint\",\"urlTemplate\":\"https:\/\/moked.it\/paginebraiche\/?s={search_term_string}\"},\"query-input\":{\"@type\":\"PropertyValueSpecification\",\"valueRequired\":true,\"valueName\":\"search_term_string\"}}],\"inLanguage\":\"it-IT\"},{\"@type\":\"Person\",\"@id\":\"https:\/\/moked.it\/paginebraiche\/#\/schema\/person\/723f5746de4ea0e08fab5790d734e554\",\"name\":\"admin\",\"image\":{\"@type\":\"ImageObject\",\"inLanguage\":\"it-IT\",\"@id\":\"https:\/\/moked.it\/paginebraiche\/#\/schema\/person\/image\/\",\"url\":\"https:\/\/secure.gravatar.com\/avatar\/cadb6747455b21c18b2cfb9aad35ab377cb4ba61ea46f6fba9fb91fd33059fde?s=96&d=mm&r=g\",\"contentUrl\":\"https:\/\/secure.gravatar.com\/avatar\/cadb6747455b21c18b2cfb9aad35ab377cb4ba61ea46f6fba9fb91fd33059fde?s=96&d=mm&r=g\",\"caption\":\"admin\"},\"url\":\"https:\/\/moked.it\/paginebraiche\/author\/admin\/\"}]}<\/script>\n<!-- \/ Yoast SEO plugin. -->","yoast_head_json":{"title":"Israele \u2013 Fare il punto? \u00c8 un obbligo - Pagine Ebraiche","robots":{"index":"index","follow":"follow","max-snippet":"max-snippet:-1","max-image-preview":"max-image-preview:large","max-video-preview":"max-video-preview:-1"},"canonical":"https:\/\/moked.it\/paginebraiche\/2014\/02\/11\/israele-fare-il-punto-e-un-obbligo\/","og_locale":"it_IT","og_type":"article","og_title":"Israele \u2013 Fare il punto? \u00c8 un obbligo - Pagine Ebraiche","og_description":"Sono passati pochi giorni da quando il presidente Barack Obama ha rivolto agli Stati Uniti il suo sesto \u201cState of the Union\u201d, il discorso che rappresenta uno dei momenti di vertice del rapporto fra il Commander in Chief e il suo paese. E mentre il primo ministro israeliano si prepara a incontrare Obama a Washington&hellip; leggi&nbsp;","og_url":"https:\/\/moked.it\/paginebraiche\/2014\/02\/11\/israele-fare-il-punto-e-un-obbligo\/","og_site_name":"Pagine Ebraiche","article_published_time":"2014-02-11T12:46:01+00:00","og_image":[{"url":"http:\/\/moked.it\/paginebraiche\/files\/2014\/02\/obama-netanyahu-1024x682.jpg","type":"","width":"","height":""}],"author":"admin","twitter_card":"summary_large_image","twitter_misc":{"Scritto da":"admin","Tempo di lettura stimato":"3 minuti"},"schema":{"@context":"https:\/\/schema.org","@graph":[{"@type":"WebPage","@id":"https:\/\/moked.it\/paginebraiche\/2014\/02\/11\/israele-fare-il-punto-e-un-obbligo\/","url":"https:\/\/moked.it\/paginebraiche\/2014\/02\/11\/israele-fare-il-punto-e-un-obbligo\/","name":"Israele \u2013 Fare il punto? \u00c8 un obbligo - Pagine Ebraiche","isPartOf":{"@id":"https:\/\/moked.it\/paginebraiche\/#website"},"primaryImageOfPage":{"@id":"https:\/\/moked.it\/paginebraiche\/2014\/02\/11\/israele-fare-il-punto-e-un-obbligo\/#primaryimage"},"image":{"@id":"https:\/\/moked.it\/paginebraiche\/2014\/02\/11\/israele-fare-il-punto-e-un-obbligo\/#primaryimage"},"thumbnailUrl":"http:\/\/moked.it\/paginebraiche\/files\/2014\/02\/obama-netanyahu-1024x682.jpg","datePublished":"2014-02-11T12:46:01+00:00","author":{"@id":"https:\/\/moked.it\/paginebraiche\/#\/schema\/person\/723f5746de4ea0e08fab5790d734e554"},"breadcrumb":{"@id":"https:\/\/moked.it\/paginebraiche\/2014\/02\/11\/israele-fare-il-punto-e-un-obbligo\/#breadcrumb"},"inLanguage":"it-IT","potentialAction":[{"@type":"ReadAction","target":["https:\/\/moked.it\/paginebraiche\/2014\/02\/11\/israele-fare-il-punto-e-un-obbligo\/"]}]},{"@type":"ImageObject","inLanguage":"it-IT","@id":"https:\/\/moked.it\/paginebraiche\/2014\/02\/11\/israele-fare-il-punto-e-un-obbligo\/#primaryimage","url":"https:\/\/moked.it\/paginebraiche\/files\/2014\/02\/obama-netanyahu.jpg","contentUrl":"https:\/\/moked.it\/paginebraiche\/files\/2014\/02\/obama-netanyahu.jpg","width":1200,"height":800},{"@type":"BreadcrumbList","@id":"https:\/\/moked.it\/paginebraiche\/2014\/02\/11\/israele-fare-il-punto-e-un-obbligo\/#breadcrumb","itemListElement":[{"@type":"ListItem","position":1,"name":"Home","item":"https:\/\/moked.it\/paginebraiche\/"},{"@type":"ListItem","position":2,"name":"Israele \u2013 Fare il punto? \u00c8 un obbligo"}]},{"@type":"WebSite","@id":"https:\/\/moked.it\/paginebraiche\/#website","url":"https:\/\/moked.it\/paginebraiche\/","name":"Pagine Ebraiche","description":"Il giornale dell&#039;ebraismo italiano","potentialAction":[{"@type":"SearchAction","target":{"@type":"EntryPoint","urlTemplate":"https:\/\/moked.it\/paginebraiche\/?s={search_term_string}"},"query-input":{"@type":"PropertyValueSpecification","valueRequired":true,"valueName":"search_term_string"}}],"inLanguage":"it-IT"},{"@type":"Person","@id":"https:\/\/moked.it\/paginebraiche\/#\/schema\/person\/723f5746de4ea0e08fab5790d734e554","name":"admin","image":{"@type":"ImageObject","inLanguage":"it-IT","@id":"https:\/\/moked.it\/paginebraiche\/#\/schema\/person\/image\/","url":"https:\/\/secure.gravatar.com\/avatar\/cadb6747455b21c18b2cfb9aad35ab377cb4ba61ea46f6fba9fb91fd33059fde?s=96&d=mm&r=g","contentUrl":"https:\/\/secure.gravatar.com\/avatar\/cadb6747455b21c18b2cfb9aad35ab377cb4ba61ea46f6fba9fb91fd33059fde?s=96&d=mm&r=g","caption":"admin"},"url":"https:\/\/moked.it\/paginebraiche\/author\/admin\/"}]}},"_links":{"self":[{"href":"https:\/\/moked.it\/paginebraiche\/wp-json\/wp\/v2\/posts\/799","targetHints":{"allow":["GET"]}}],"collection":[{"href":"https:\/\/moked.it\/paginebraiche\/wp-json\/wp\/v2\/posts"}],"about":[{"href":"https:\/\/moked.it\/paginebraiche\/wp-json\/wp\/v2\/types\/post"}],"author":[{"embeddable":true,"href":"https:\/\/moked.it\/paginebraiche\/wp-json\/wp\/v2\/users\/1"}],"replies":[{"embeddable":true,"href":"https:\/\/moked.it\/paginebraiche\/wp-json\/wp\/v2\/comments?post=799"}],"version-history":[{"count":1,"href":"https:\/\/moked.it\/paginebraiche\/wp-json\/wp\/v2\/posts\/799\/revisions"}],"predecessor-version":[{"id":801,"href":"https:\/\/moked.it\/paginebraiche\/wp-json\/wp\/v2\/posts\/799\/revisions\/801"}],"wp:attachment":[{"href":"https:\/\/moked.it\/paginebraiche\/wp-json\/wp\/v2\/media?parent=799"}],"wp:term":[{"taxonomy":"category","embeddable":true,"href":"https:\/\/moked.it\/paginebraiche\/wp-json\/wp\/v2\/categories?post=799"},{"taxonomy":"post_tag","embeddable":true,"href":"https:\/\/moked.it\/paginebraiche\/wp-json\/wp\/v2\/tags?post=799"},{"taxonomy":"position","embeddable":true,"href":"https:\/\/moked.it\/paginebraiche\/wp-json\/wp\/v2\/position?post=799"}],"curies":[{"name":"wp","href":"https:\/\/api.w.org\/{rel}","templated":true}]}}