{"id":828,"date":"2014-03-07T10:30:56","date_gmt":"2014-03-07T15:30:56","guid":{"rendered":"http:\/\/moked.it\/paginebraiche\/?p=828"},"modified":"2014-03-07T10:30:56","modified_gmt":"2014-03-07T15:30:56","slug":"legge-mosaica-e-cantonate-il-rav-risponde-a-eugenio-scalfari-ma-repubblica-vuole-lultima-parola","status":"publish","type":"post","link":"https:\/\/moked.it\/paginebraiche\/2014\/03\/07\/legge-mosaica-e-cantonate-il-rav-risponde-a-eugenio-scalfari-ma-repubblica-vuole-lultima-parola\/","title":{"rendered":"\u2018LEGGE MOSAICA\u2019 E CANTONATE <br\/> Il Rav risponde a Eugenio Scalfari, ma Repubblica vuole l\u2019ultima parola"},"content":{"rendered":"<p>Sono passati pi\u00f9 di tre mesi da quando il fondatore di Repubblica, Eugenio Scalfari, nell\u2019ambito del suo ormai arcinoto confronto non credente-credente con Jorge Bergoglio, si \u00e8 messo a parlare di ebraismo. Con quanta cognizione di causa, considerando la quantit\u00e0 di inesattezze, banalizzazioni e stereotipi contenuti negli interventi del <a href=\"http:\/\/80.241.231.25\/ucei\/Viewer.aspx?Mode=S&#038;ID=2013122926402706\" target=\"_blank\">29 dicembre 2013<\/a> e del<a href=\"http:\/\/80.241.231.25\/ucei\/Viewer.aspx?Mode=S&#038;ID=2014010526441834\" target=\"_blank\"> 5 gennaio 2014<\/a>, resta ancora da misurare. Numerose voci del mondo ebraico italiano si erano levate a criticare le posizioni assunte dal giornalista, compreso il rabbino capo di Roma Riccardo Di Segni, intervenuto a pi\u00f9 riprese su Pagine Ebraiche con parole molto chiare: \u201cVecchio e banale antigiudaismo marcionista in salsa pseudolaica\u201d scriveva il <a href=\"http:\/\/moked.it\/blog\/2013\/12\/30\/lantigiudaismo-fra-scalfari-e-marcione\/\" target=\"_blank\">30 dicembre<\/a>, mentre il <a href=\"http:\/\/moked.it\/blog\/2014\/01\/09\/le-idee-confuse-di-eugenio-scalfari-legge-mosaica-e-cantonate-giornalistiche\/\" target=\"_blank\">9 gennaio<\/a> confutava punto per punto \u201cerrori e distorsioni che non possono essere lasciati senza risposta\u201d. <\/p>\n<p>Dal canto suo, Repubblica, prima di concedere a qualcuno che potesse parlare di ebraismo con cognizione di causa lo spazio per replicare, si \u00e8 presa tutto il tempo per riflettere e ponderare la questione, tanto che l\u2019attenzione del lettore si doveva essere decisamente affievolita. Ecco cos\u00ec apparire di punto in bianco, tanto per ravvivare la questione, un nuovo testo del rabbino capo di Roma Riccardo Di Segni.<br \/>\nPoteva essere una buona occasione per rompere la monotonia di mesi di parole unilaterali con l\u2019innovativa proposta di un dialogo a due voci. Ma il giornale non ha saputo resistere alla tentazione della risposta contestuale, annegando cos\u00ec l\u2019intervento del rabbino capo della Capitale con una nuova e immediata predica del giornalista.<\/p>\n<p>\u201cIl rabbino e il non credente\u201d recita dunque la dicitura sotto cui compaiono l\u2019<a href=\"http:\/\/80.241.231.25\/ucei\/MvieW.aspx?ID=2014030726940890\" target=\"_blank\">editoriale di rav Di Segni<\/a> e la <a href=\"http:\/\/80.241.231.25\/ucei\/MvieW.aspx?ID=2014030726940943\" target=\"_blank\">controreplica istantanea di Scalfari<\/a>.<br \/>\n\u201cLa risposta contestuale &#8211; ha commentato nel corso della riunione mattutina il direttore di questa redazione Guido Vitale &#8211; a meno che non sia concordata fra le parti \u00e8 un atto aggressivo nei confronti dei propri ospiti. Perch\u00e9 il giornale che ospita un testo sfrutta il proprio privilegio di conoscerne i contenuti in anticipo e reagisce senza nemmeno attendere che il lettore si formi in autonomia una propria opinione. L\u2019unica giustificazione possibile per un\u2019azione del genere \u00e8 la reazione ad accuse rivolte direttamente alla redazione e riguardanti il suo operato. Ma evidentemente non \u00e8 questo il caso di Repubblica. E in passato il Rav anche in un caso del genere, quando una risposta era mirata e limitata a rispondere a specifici rilievi, aveva mostrato di non gradire affatto\u201d.<\/p>\n<p>Repubblica intanto agisce a modo proprio e nessuno per il momento sembra tenerne conto.<br \/>\nScalfari, fra l\u2019altro, non sfrutta la sua opportunit\u00e0 di leggere in anteprima ci\u00f2 che scrive il rabbino per formulare una risposta che, effettivamente, risponda. Sui chiarimenti del Rav che contesta giudizi e citazioni, il giornalista glissa. Ma non manca invece di esprimere nuove accuse, con una chiusura che critica \u201cl\u2019immagine di un Dio che sia bandiera di superiorit\u00e0, di fondamentalismo e perfino di guerra come in passato \u00e8 spesso avvenuto e come tuttora avviene nei fanatici che praticano il terrorismo in nome di un Dio crudele\u201d, intrisa di velenosa ambiguit\u00e0.<\/p>\n<p>Scrive il rav Di Segni sull\u2019opposizione tra amore e giustizia proposta da Scalfari, dove \u201cFrancesco rappresenta l&#8217;amore richiamandosi al messaggio originale di Ges\u00f9\u201d contro \u201cil Dio degli ebrei, dell&#8217;Antico Testamento, quello severo e vendicativo\u201d: \u201cNessun teologo serio dei nostri giorni, a cominciare dai due papi di oggi, prenderebbe sul serio questa antica opposizione, che fu una delle bandiere dell\u2019antigiudaismo cristiano per secoli \u2013 sottolinea \u2013 Il Dio della Bibbia ebraica (per non parlare di quello della tradizione rabbinica) \u00e8 giustizia e amore, come possono attestare numerose fonti che non c\u2019\u00e8 spazio qui per citare. \u00c8 il Dio misericordioso (Es. 34: 6) che perdona chi non ha obbedito alla sua legge. Nulla avrebbe senso nell\u2019ebraismo senza il perdono. E l\u2019esortazione \u2018ama il tuo prossimo come te stesso\u2019 \u00e8 anche evangelica ma viene dalla legge mosaica, Levitico 19: 18\u201d.<br \/>\nE mentre spiega la complessit\u00e0 del rapporto tra giustizia e misericordia di fronte al peccato, che non si presta a banalizzazioni, il rabbino ricorda pure \u201cChe poi Ges\u00f9 di Nazareth sia solo amore e non giustizia, in una melensa rappresentazione di comodo buonismo imperante, \u00e8 tutto da dimostrare\u201d.<\/p>\n<p>Scalfari \u00e8 impaziente di replicare, ma preferisce farlo senza rispondere direttamente. Offre piuttosto le proprie visioni teologiche (sempre specificando accuratamente di essere un non credente, e dunque non coinvolto dall\u2019argomento). \u201cCredono anche che sia giusto, misericordioso, severo con i malvagi, amoroso con i buoni. Chi non rispetta le leggi divine e le regole provenienti dalle \u2018scritture\u2019 commette peccato, ma se e quando si pente sar\u00e0 perdonato. Questa \u00e8 l\u2019essenza dei tre monoteismi\u201d scrive. \u201cPapa Bergoglio ha addirittura detto nel nostro dialogo sopra richiamato che \u2018Dio non \u00e8 cattolico perch\u00e9 \u00e8 universale\u2019. Questa presa di coscienza \u00e8 certamente encomiabile, ma la religione ebraica non contempla il Dio trinitario e tantomeno quella islamica\u201d, precisando appunto che \u201cda non credente tutto ci\u00f2 non mi riguarda, ma mi riguardano invece i valori che le religioni contengono, mi riguarda la funzione sociale delle religioni, la loro influenza sui comportamenti e sui sentimenti delle persone. Perci\u00f2 vedo in modo molto positivo l\u2019azione innovatrice di papa Francesco e il riavvicinamento tra le religioni quando rinunciano all\u2019immagine di un Dio che sia bandiera di superiorit\u00e0, di fondamentalismo e perfino di guerra come in passato \u00e8 spesso avvenuto e come tuttora avviene nei fanatici che praticano il terrorismo in nome di un Dio crudele. I terroristi lo hanno trasformato in un demonio che porta stragi e rovine\u201d.<br \/>\nDato il contesto e dati i precedenti, resta una domanda inevitabile: a chi si fa riferimento?<\/p>\n<p><strong>Rossella Tercatin <\/strong>twitter @rtercatinmoked<\/p>\n","protected":false},"excerpt":{"rendered":"<p>Sono passati pi\u00f9 di tre mesi da quando il fondatore di Repubblica, Eugenio Scalfari, nell\u2019ambito del suo ormai arcinoto confronto non credente-credente con Jorge Bergoglio, si \u00e8 messo a parlare di ebraismo. Con quanta cognizione di causa, considerando la quantit\u00e0 di inesattezze, banalizzazioni e stereotipi contenuti negli interventi del 29 dicembre 2013 e del 5&hellip; <a class=\"more\" rel=\"bookmark\" href=\"https:\/\/moked.it\/paginebraiche\/2014\/03\/07\/legge-mosaica-e-cantonate-il-rav-risponde-a-eugenio-scalfari-ma-repubblica-vuole-lultima-parola\/\">leggi&nbsp;<i class=\"fa fa-chevron-circle-right\"><\/i><\/a><\/p>\n","protected":false},"author":1,"featured_media":0,"menu_order":0,"comment_status":"closed","ping_status":"open","sticky":false,"template":"","format":"standard","meta":{"footnotes":""},"categories":[1],"tags":[],"position":[],"class_list":["post-828","post","type-post","status-publish","format-standard","hentry","category-uncategorized"],"yoast_head":"<!-- This site is optimized with the Yoast SEO plugin v26.0 - https:\/\/yoast.com\/wordpress\/plugins\/seo\/ -->\n<title>\u2018LEGGE MOSAICA\u2019 E CANTONATE  Il Rav risponde a Eugenio Scalfari, ma Repubblica vuole l\u2019ultima parola - Pagine Ebraiche<\/title>\n<meta name=\"robots\" content=\"index, follow, max-snippet:-1, max-image-preview:large, max-video-preview:-1\" \/>\n<link rel=\"canonical\" href=\"https:\/\/moked.it\/paginebraiche\/2014\/03\/07\/legge-mosaica-e-cantonate-il-rav-risponde-a-eugenio-scalfari-ma-repubblica-vuole-lultima-parola\/\" \/>\n<meta property=\"og:locale\" content=\"it_IT\" \/>\n<meta property=\"og:type\" content=\"article\" \/>\n<meta property=\"og:title\" content=\"\u2018LEGGE MOSAICA\u2019 E CANTONATE  Il Rav risponde a Eugenio Scalfari, ma Repubblica vuole l\u2019ultima parola - Pagine Ebraiche\" \/>\n<meta property=\"og:description\" content=\"Sono passati pi\u00f9 di tre mesi da quando il fondatore di Repubblica, Eugenio Scalfari, nell\u2019ambito del suo ormai arcinoto confronto non credente-credente con Jorge Bergoglio, si \u00e8 messo a parlare di ebraismo. Con quanta cognizione di causa, considerando la quantit\u00e0 di inesattezze, banalizzazioni e stereotipi contenuti negli interventi del 29 dicembre 2013 e del 5&hellip; leggi&nbsp;\" \/>\n<meta property=\"og:url\" content=\"https:\/\/moked.it\/paginebraiche\/2014\/03\/07\/legge-mosaica-e-cantonate-il-rav-risponde-a-eugenio-scalfari-ma-repubblica-vuole-lultima-parola\/\" \/>\n<meta property=\"og:site_name\" content=\"Pagine Ebraiche\" \/>\n<meta property=\"article:published_time\" content=\"2014-03-07T15:30:56+00:00\" \/>\n<meta name=\"author\" content=\"admin\" \/>\n<meta name=\"twitter:card\" content=\"summary_large_image\" \/>\n<meta name=\"twitter:label1\" content=\"Scritto da\" \/>\n\t<meta name=\"twitter:data1\" content=\"admin\" \/>\n\t<meta name=\"twitter:label2\" content=\"Tempo di lettura stimato\" \/>\n\t<meta name=\"twitter:data2\" content=\"5 minuti\" \/>\n<script type=\"application\/ld+json\" class=\"yoast-schema-graph\">{\"@context\":\"https:\/\/schema.org\",\"@graph\":[{\"@type\":\"WebPage\",\"@id\":\"https:\/\/moked.it\/paginebraiche\/2014\/03\/07\/legge-mosaica-e-cantonate-il-rav-risponde-a-eugenio-scalfari-ma-repubblica-vuole-lultima-parola\/\",\"url\":\"https:\/\/moked.it\/paginebraiche\/2014\/03\/07\/legge-mosaica-e-cantonate-il-rav-risponde-a-eugenio-scalfari-ma-repubblica-vuole-lultima-parola\/\",\"name\":\"\u2018LEGGE MOSAICA\u2019 E CANTONATE Il Rav risponde a Eugenio Scalfari, ma Repubblica vuole l\u2019ultima parola - Pagine Ebraiche\",\"isPartOf\":{\"@id\":\"https:\/\/moked.it\/paginebraiche\/#website\"},\"datePublished\":\"2014-03-07T15:30:56+00:00\",\"author\":{\"@id\":\"https:\/\/moked.it\/paginebraiche\/#\/schema\/person\/723f5746de4ea0e08fab5790d734e554\"},\"breadcrumb\":{\"@id\":\"https:\/\/moked.it\/paginebraiche\/2014\/03\/07\/legge-mosaica-e-cantonate-il-rav-risponde-a-eugenio-scalfari-ma-repubblica-vuole-lultima-parola\/#breadcrumb\"},\"inLanguage\":\"it-IT\",\"potentialAction\":[{\"@type\":\"ReadAction\",\"target\":[\"https:\/\/moked.it\/paginebraiche\/2014\/03\/07\/legge-mosaica-e-cantonate-il-rav-risponde-a-eugenio-scalfari-ma-repubblica-vuole-lultima-parola\/\"]}]},{\"@type\":\"BreadcrumbList\",\"@id\":\"https:\/\/moked.it\/paginebraiche\/2014\/03\/07\/legge-mosaica-e-cantonate-il-rav-risponde-a-eugenio-scalfari-ma-repubblica-vuole-lultima-parola\/#breadcrumb\",\"itemListElement\":[{\"@type\":\"ListItem\",\"position\":1,\"name\":\"Home\",\"item\":\"https:\/\/moked.it\/paginebraiche\/\"},{\"@type\":\"ListItem\",\"position\":2,\"name\":\"\u2018LEGGE MOSAICA\u2019 E CANTONATE Il Rav risponde a Eugenio Scalfari, ma Repubblica vuole l\u2019ultima parola\"}]},{\"@type\":\"WebSite\",\"@id\":\"https:\/\/moked.it\/paginebraiche\/#website\",\"url\":\"https:\/\/moked.it\/paginebraiche\/\",\"name\":\"Pagine Ebraiche\",\"description\":\"Il giornale dell&#039;ebraismo italiano\",\"potentialAction\":[{\"@type\":\"SearchAction\",\"target\":{\"@type\":\"EntryPoint\",\"urlTemplate\":\"https:\/\/moked.it\/paginebraiche\/?s={search_term_string}\"},\"query-input\":{\"@type\":\"PropertyValueSpecification\",\"valueRequired\":true,\"valueName\":\"search_term_string\"}}],\"inLanguage\":\"it-IT\"},{\"@type\":\"Person\",\"@id\":\"https:\/\/moked.it\/paginebraiche\/#\/schema\/person\/723f5746de4ea0e08fab5790d734e554\",\"name\":\"admin\",\"image\":{\"@type\":\"ImageObject\",\"inLanguage\":\"it-IT\",\"@id\":\"https:\/\/moked.it\/paginebraiche\/#\/schema\/person\/image\/\",\"url\":\"https:\/\/secure.gravatar.com\/avatar\/cadb6747455b21c18b2cfb9aad35ab377cb4ba61ea46f6fba9fb91fd33059fde?s=96&d=mm&r=g\",\"contentUrl\":\"https:\/\/secure.gravatar.com\/avatar\/cadb6747455b21c18b2cfb9aad35ab377cb4ba61ea46f6fba9fb91fd33059fde?s=96&d=mm&r=g\",\"caption\":\"admin\"},\"url\":\"https:\/\/moked.it\/paginebraiche\/author\/admin\/\"}]}<\/script>\n<!-- \/ Yoast SEO plugin. -->","yoast_head_json":{"title":"\u2018LEGGE MOSAICA\u2019 E CANTONATE  Il Rav risponde a Eugenio Scalfari, ma Repubblica vuole l\u2019ultima parola - Pagine Ebraiche","robots":{"index":"index","follow":"follow","max-snippet":"max-snippet:-1","max-image-preview":"max-image-preview:large","max-video-preview":"max-video-preview:-1"},"canonical":"https:\/\/moked.it\/paginebraiche\/2014\/03\/07\/legge-mosaica-e-cantonate-il-rav-risponde-a-eugenio-scalfari-ma-repubblica-vuole-lultima-parola\/","og_locale":"it_IT","og_type":"article","og_title":"\u2018LEGGE MOSAICA\u2019 E CANTONATE  Il Rav risponde a Eugenio Scalfari, ma Repubblica vuole l\u2019ultima parola - Pagine Ebraiche","og_description":"Sono passati pi\u00f9 di tre mesi da quando il fondatore di Repubblica, Eugenio Scalfari, nell\u2019ambito del suo ormai arcinoto confronto non credente-credente con Jorge Bergoglio, si \u00e8 messo a parlare di ebraismo. Con quanta cognizione di causa, considerando la quantit\u00e0 di inesattezze, banalizzazioni e stereotipi contenuti negli interventi del 29 dicembre 2013 e del 5&hellip; leggi&nbsp;","og_url":"https:\/\/moked.it\/paginebraiche\/2014\/03\/07\/legge-mosaica-e-cantonate-il-rav-risponde-a-eugenio-scalfari-ma-repubblica-vuole-lultima-parola\/","og_site_name":"Pagine Ebraiche","article_published_time":"2014-03-07T15:30:56+00:00","author":"admin","twitter_card":"summary_large_image","twitter_misc":{"Scritto da":"admin","Tempo di lettura stimato":"5 minuti"},"schema":{"@context":"https:\/\/schema.org","@graph":[{"@type":"WebPage","@id":"https:\/\/moked.it\/paginebraiche\/2014\/03\/07\/legge-mosaica-e-cantonate-il-rav-risponde-a-eugenio-scalfari-ma-repubblica-vuole-lultima-parola\/","url":"https:\/\/moked.it\/paginebraiche\/2014\/03\/07\/legge-mosaica-e-cantonate-il-rav-risponde-a-eugenio-scalfari-ma-repubblica-vuole-lultima-parola\/","name":"\u2018LEGGE MOSAICA\u2019 E CANTONATE Il Rav risponde a Eugenio Scalfari, ma Repubblica vuole l\u2019ultima parola - Pagine Ebraiche","isPartOf":{"@id":"https:\/\/moked.it\/paginebraiche\/#website"},"datePublished":"2014-03-07T15:30:56+00:00","author":{"@id":"https:\/\/moked.it\/paginebraiche\/#\/schema\/person\/723f5746de4ea0e08fab5790d734e554"},"breadcrumb":{"@id":"https:\/\/moked.it\/paginebraiche\/2014\/03\/07\/legge-mosaica-e-cantonate-il-rav-risponde-a-eugenio-scalfari-ma-repubblica-vuole-lultima-parola\/#breadcrumb"},"inLanguage":"it-IT","potentialAction":[{"@type":"ReadAction","target":["https:\/\/moked.it\/paginebraiche\/2014\/03\/07\/legge-mosaica-e-cantonate-il-rav-risponde-a-eugenio-scalfari-ma-repubblica-vuole-lultima-parola\/"]}]},{"@type":"BreadcrumbList","@id":"https:\/\/moked.it\/paginebraiche\/2014\/03\/07\/legge-mosaica-e-cantonate-il-rav-risponde-a-eugenio-scalfari-ma-repubblica-vuole-lultima-parola\/#breadcrumb","itemListElement":[{"@type":"ListItem","position":1,"name":"Home","item":"https:\/\/moked.it\/paginebraiche\/"},{"@type":"ListItem","position":2,"name":"\u2018LEGGE MOSAICA\u2019 E CANTONATE Il Rav risponde a Eugenio Scalfari, ma Repubblica vuole l\u2019ultima parola"}]},{"@type":"WebSite","@id":"https:\/\/moked.it\/paginebraiche\/#website","url":"https:\/\/moked.it\/paginebraiche\/","name":"Pagine Ebraiche","description":"Il giornale dell&#039;ebraismo italiano","potentialAction":[{"@type":"SearchAction","target":{"@type":"EntryPoint","urlTemplate":"https:\/\/moked.it\/paginebraiche\/?s={search_term_string}"},"query-input":{"@type":"PropertyValueSpecification","valueRequired":true,"valueName":"search_term_string"}}],"inLanguage":"it-IT"},{"@type":"Person","@id":"https:\/\/moked.it\/paginebraiche\/#\/schema\/person\/723f5746de4ea0e08fab5790d734e554","name":"admin","image":{"@type":"ImageObject","inLanguage":"it-IT","@id":"https:\/\/moked.it\/paginebraiche\/#\/schema\/person\/image\/","url":"https:\/\/secure.gravatar.com\/avatar\/cadb6747455b21c18b2cfb9aad35ab377cb4ba61ea46f6fba9fb91fd33059fde?s=96&d=mm&r=g","contentUrl":"https:\/\/secure.gravatar.com\/avatar\/cadb6747455b21c18b2cfb9aad35ab377cb4ba61ea46f6fba9fb91fd33059fde?s=96&d=mm&r=g","caption":"admin"},"url":"https:\/\/moked.it\/paginebraiche\/author\/admin\/"}]}},"_links":{"self":[{"href":"https:\/\/moked.it\/paginebraiche\/wp-json\/wp\/v2\/posts\/828","targetHints":{"allow":["GET"]}}],"collection":[{"href":"https:\/\/moked.it\/paginebraiche\/wp-json\/wp\/v2\/posts"}],"about":[{"href":"https:\/\/moked.it\/paginebraiche\/wp-json\/wp\/v2\/types\/post"}],"author":[{"embeddable":true,"href":"https:\/\/moked.it\/paginebraiche\/wp-json\/wp\/v2\/users\/1"}],"replies":[{"embeddable":true,"href":"https:\/\/moked.it\/paginebraiche\/wp-json\/wp\/v2\/comments?post=828"}],"version-history":[{"count":1,"href":"https:\/\/moked.it\/paginebraiche\/wp-json\/wp\/v2\/posts\/828\/revisions"}],"predecessor-version":[{"id":829,"href":"https:\/\/moked.it\/paginebraiche\/wp-json\/wp\/v2\/posts\/828\/revisions\/829"}],"wp:attachment":[{"href":"https:\/\/moked.it\/paginebraiche\/wp-json\/wp\/v2\/media?parent=828"}],"wp:term":[{"taxonomy":"category","embeddable":true,"href":"https:\/\/moked.it\/paginebraiche\/wp-json\/wp\/v2\/categories?post=828"},{"taxonomy":"post_tag","embeddable":true,"href":"https:\/\/moked.it\/paginebraiche\/wp-json\/wp\/v2\/tags?post=828"},{"taxonomy":"position","embeddable":true,"href":"https:\/\/moked.it\/paginebraiche\/wp-json\/wp\/v2\/position?post=828"}],"curies":[{"name":"wp","href":"https:\/\/api.w.org\/{rel}","templated":true}]}}